{"id":196,"date":"2021-06-08T01:35:00","date_gmt":"2021-06-08T01:35:00","guid":{"rendered":"https:\/\/semanariolocal.cl\/legales\/?p=196"},"modified":"2021-06-16T01:38:45","modified_gmt":"2021-06-16T01:38:45","slug":"fe-de-erratas-remate-de-aguas-superficiales-dga","status":"publish","type":"post","link":"https:\/\/semanariolocal.cl\/legales\/?p=196","title":{"rendered":"FE DE ERRATAS \u2013 Remate de aguas superficiales \u2013 DGA"},"content":{"rendered":"\n<p>En relaci\u00f3n al Aviso Legal Publicado por la Direcci\u00f3n General de Aguas en este mismo medio y en la siguiente direcci\u00f3n electr\u00f3nica :<\/p>\n\n\n\n<figure class=\"wp-block-embed is-type-wp-embed is-provider-avisos-legales wp-block-embed-avisos-legales\"><div class=\"wp-block-embed__wrapper\">\n<blockquote class=\"wp-embedded-content\" data-secret=\"xfM2bNsdf6\"><a href=\"https:\/\/semanariolocal.cl\/legales\/?p=185\">Remate de aguas superficiales \u2013 Direcci\u00f3n General de Aguas<\/a><\/blockquote><iframe loading=\"lazy\" class=\"wp-embedded-content\" sandbox=\"allow-scripts\" security=\"restricted\" style=\"position: absolute; clip: rect(1px, 1px, 1px, 1px);\" title=\"\u00abRemate de aguas superficiales \u2013 Direcci\u00f3n General de Aguas\u00bb \u2014 Avisos Legales\" src=\"https:\/\/semanariolocal.cl\/legales\/?p=185&#038;embed=true#?secret=c9lzDbFuhi#?secret=xfM2bNsdf6\" data-secret=\"xfM2bNsdf6\" width=\"500\" height=\"282\" frameborder=\"0\" marginwidth=\"0\" marginheight=\"0\" scrolling=\"no\"><\/iframe>\n<\/div><figcaption><a href=\"https:\/\/semanariolocal.cl\/legales\/?p=185\" data-type=\"URL\" data-id=\"https:\/\/semanariolocal.cl\/legales\/?p=185\">https:\/\/semanariolocal.cl\/legales\/?p=185<\/a><\/figcaption><\/figure>\n\n\n\n<p>Se corrige en la forma que se\u00f1ala y describe el siguiente texto a modo de fe de errata.<\/p>\n\n\n\n<p><strong>FE DE ERRATAS<\/strong><\/p>\n\n\n\n<p><strong>DIRECCI\u00d3N GENERAL DE AGUAS \u2013 REGI\u00d3N DE LOS LAGOS<\/strong><\/p>\n\n\n\n<p><strong>En aviso de remate de aguas superficiales publicado con fecha 02 de junio de 2021, en remate N\u00b01, donde se menciona el titular de la segunda solicitud, c\u00f3digo administrativo ND-1002-4058, dice \u201cExploraciones H\u00eddricas SPA\u201d, debe decir \u201cInversiones y Asesor\u00edas Andeshidro S.A.\u201d<\/strong><\/p>\n\n\n\n<p>Se publica a solicitud del interesado a fin de garantizar efectividad de publicaci\u00f3n y subsanar incordios .<\/p>\n\n\n\n<figure class=\"wp-block-image size-large\"><img loading=\"lazy\" decoding=\"async\" width=\"1024\" height=\"440\" src=\"https:\/\/semanariolocal.cl\/legales\/wp-content\/uploads\/2021\/06\/errata-1024x440-2.jpg\" alt=\"\" class=\"wp-image-200\" srcset=\"https:\/\/semanariolocal.cl\/legales\/wp-content\/uploads\/2021\/06\/errata-1024x440-2.jpg 1024w, https:\/\/semanariolocal.cl\/legales\/wp-content\/uploads\/2021\/06\/errata-1024x440-2-300x129.jpg 300w, https:\/\/semanariolocal.cl\/legales\/wp-content\/uploads\/2021\/06\/errata-1024x440-2-768x330.jpg 768w\" sizes=\"auto, (max-width: 1024px) 100vw, 1024px\" \/><\/figure>\n","protected":false},"excerpt":{"rendered":"<div class=\"mh-excerpt\"><p>En relaci\u00f3n al Aviso Legal Publicado por la Direcci\u00f3n General de Aguas en este mismo medio y en la siguiente direcci\u00f3n electr\u00f3nica : Se corrige en la forma que se\u00f1ala y describe el siguiente texto <a class=\"mh-excerpt-more\" href=\"https:\/\/semanariolocal.cl\/legales\/?p=196\" title=\"FE DE ERRATAS \u2013 Remate de aguas superficiales \u2013 DGA\">[leer m\u00e1s&#8230;]<\/a><\/p>\n<\/div>","protected":false},"author":1,"featured_media":203,"comment_status":"closed","ping_status":"closed","sticky":false,"template":"","format":"standard","meta":{"footnotes":""},"categories":[63,19,3,60],"tags":[],"class_list":{"0":"post-196","1":"post","2":"type-post","3":"status-publish","4":"format-standard","5":"has-post-thumbnail","7":"category-derechos-de-aguas","8":"category-extractos-de-agua","9":"category-fe-de-erratas","10":"category-varios"},"_links":{"self":[{"href":"https:\/\/semanariolocal.cl\/legales\/index.php?rest_route=\/wp\/v2\/posts\/196","targetHints":{"allow":["GET"]}}],"collection":[{"href":"https:\/\/semanariolocal.cl\/legales\/index.php?rest_route=\/wp\/v2\/posts"}],"about":[{"href":"https:\/\/semanariolocal.cl\/legales\/index.php?rest_route=\/wp\/v2\/types\/post"}],"author":[{"embeddable":true,"href":"https:\/\/semanariolocal.cl\/legales\/index.php?rest_route=\/wp\/v2\/users\/1"}],"replies":[{"embeddable":true,"href":"https:\/\/semanariolocal.cl\/legales\/index.php?rest_route=%2Fwp%2Fv2%2Fcomments&post=196"}],"version-history":[{"count":3,"href":"https:\/\/semanariolocal.cl\/legales\/index.php?rest_route=\/wp\/v2\/posts\/196\/revisions"}],"predecessor-version":[{"id":204,"href":"https:\/\/semanariolocal.cl\/legales\/index.php?rest_route=\/wp\/v2\/posts\/196\/revisions\/204"}],"wp:featuredmedia":[{"embeddable":true,"href":"https:\/\/semanariolocal.cl\/legales\/index.php?rest_route=\/wp\/v2\/media\/203"}],"wp:attachment":[{"href":"https:\/\/semanariolocal.cl\/legales\/index.php?rest_route=%2Fwp%2Fv2%2Fmedia&parent=196"}],"wp:term":[{"taxonomy":"category","embeddable":true,"href":"https:\/\/semanariolocal.cl\/legales\/index.php?rest_route=%2Fwp%2Fv2%2Fcategories&post=196"},{"taxonomy":"post_tag","embeddable":true,"href":"https:\/\/semanariolocal.cl\/legales\/index.php?rest_route=%2Fwp%2Fv2%2Ftags&post=196"}],"curies":[{"name":"wp","href":"https:\/\/api.w.org\/{rel}","templated":true}]}}