{"id":420,"date":"2024-03-18T14:28:14","date_gmt":"2024-03-18T14:28:14","guid":{"rendered":"https:\/\/semanariolocal.cl\/legales\/?p=420"},"modified":"2024-03-21T20:50:41","modified_gmt":"2024-03-21T20:50:41","slug":"extracto-posesion-efectiva-a-nombre-de-alicia-castro-aguila-e-hija","status":"publish","type":"post","link":"https:\/\/semanariolocal.cl\/legales\/?p=420","title":{"rendered":"Extracto Posesi\u00f3n Efectiva a nombre de Alicia Castro Aguila e hija."},"content":{"rendered":"\n<pre class=\"wp-block-preformatted\"><strong>NOMENCLATURA\t: 1. [378]Actuaci\u00f3n\nJUZGADO\t\t: 1\u00ba Juzgado de Letras de Osorno\nCAUSA ROL\t: V-216-2023 \nCARATULADO\t: CASTRO\/C\u00c1RDENAS<\/strong>\n<\/pre>\n\n\n\n<p class=\"wp-block-paragraph\"><strong>EXTRACTO<\/strong><\/p>\n\n\n\n<p class=\"wp-block-paragraph\"><strong>PRIMER JUZGADO LETRAS OSORNO<\/strong> Rol V-216-2023 por resoluci\u00f3n 2 de marzo 2024 concediose posesi\u00f3n efectiva herencia intestada quedada fallecimiento causante JOSE EDUARDO CARDENAS MANCILLA fallecido 18 Mayo 2.023 La Plata Argentina, \u00faltimo domicilio Chile Osorno, P\u00e9rez Canto 229 a c\u00f3nyuge ALICIA CRISTINA CASTRO \u00c1GUILA e hija CRISTINA ALEJANDRA C\u00c1RDENAS CASTRO calidad herederas universales intestadas. Loreto del Pilar Olivera Garc\u00eda. Secretaria.<\/p>\n\n\n\n<p class=\"wp-block-paragraph\"><strong>Osorno, trece de Marzo de dos mil veinticuatro<\/strong> <\/p>\n\n\n\n<p class=\"wp-block-paragraph\">(Documento original publicado al pie de p\u00e1gina) (descargar certificado de publicaci\u00f3n)<\/p>\n\n\n\n<figure class=\"wp-block-image size-large\"><img loading=\"lazy\" decoding=\"async\" width=\"996\" height=\"1024\" src=\"https:\/\/semanariolocal.cl\/legales\/wp-content\/uploads\/2024\/03\/Posesion-996x1024.jpg\" alt=\"\" class=\"wp-image-422\" srcset=\"https:\/\/semanariolocal.cl\/legales\/wp-content\/uploads\/2024\/03\/Posesion-996x1024.jpg 996w, https:\/\/semanariolocal.cl\/legales\/wp-content\/uploads\/2024\/03\/Posesion-292x300.jpg 292w, https:\/\/semanariolocal.cl\/legales\/wp-content\/uploads\/2024\/03\/Posesion-768x790.jpg 768w, https:\/\/semanariolocal.cl\/legales\/wp-content\/uploads\/2024\/03\/Posesion.jpg 1000w\" sizes=\"auto, (max-width: 996px) 100vw, 996px\" \/><\/figure>\n\n\n\n<div data-wp-interactive=\"core\/file\" class=\"wp-block-file\"><object data-wp-bind--hidden=\"!state.hasPdfPreview\" hidden class=\"wp-block-file__embed\" data=\"https:\/\/semanariolocal.cl\/legales\/wp-content\/uploads\/2024\/03\/EXTRACTOCASTRO.pdf\" type=\"application\/pdf\" style=\"width:100%;height:600px\" aria-label=\"Incrustado de EXTRACTOCASTRO.\"><\/object><a id=\"wp-block-file--media-42206445-bc7a-4aa1-b229-32a8188007b6\" href=\"https:\/\/semanariolocal.cl\/legales\/wp-content\/uploads\/2024\/03\/EXTRACTOCASTRO.pdf\">EXTRACTOCASTRO<\/a><a href=\"https:\/\/semanariolocal.cl\/legales\/wp-content\/uploads\/2024\/03\/EXTRACTOCASTRO.pdf\" class=\"wp-block-file__button wp-element-button\" download aria-describedby=\"wp-block-file--media-42206445-bc7a-4aa1-b229-32a8188007b6\">Descarga<\/a><\/div>\n\n\n\n<div data-wp-interactive=\"core\/file\" class=\"wp-block-file\"><object data-wp-bind--hidden=\"!state.hasPdfPreview\" hidden class=\"wp-block-file__embed\" data=\"https:\/\/semanariolocal.cl\/legales\/wp-content\/uploads\/2024\/03\/0002.-MN-Posesion-Efectiva-PDF.pdf\" type=\"application\/pdf\" style=\"width:100%;height:600px\" aria-label=\"Incrustado de 0002.-MN-Posesion-Efectiva-PDF.\"><\/object><a id=\"wp-block-file--media-0100d815-51dc-4aee-baa7-e15d4710eac8\" href=\"https:\/\/semanariolocal.cl\/legales\/wp-content\/uploads\/2024\/03\/0002.-MN-Posesion-Efectiva-PDF.pdf\">0002.-MN-Posesion-Efectiva-PDF<\/a><a href=\"https:\/\/semanariolocal.cl\/legales\/wp-content\/uploads\/2024\/03\/0002.-MN-Posesion-Efectiva-PDF.pdf\" class=\"wp-block-file__button wp-element-button\" download aria-describedby=\"wp-block-file--media-0100d815-51dc-4aee-baa7-e15d4710eac8\">Descarga<\/a><\/div>\n","protected":false},"excerpt":{"rendered":"<div class=\"mh-excerpt\"><p>NOMENCLATURA : 1. [378]Actuaci\u00f3n JUZGADO : 1\u00ba Juzgado de Letras de Osorno CAUSA ROL : V-216-2023 CARATULADO : CASTRO\/C\u00c1RDENAS EXTRACTO PRIMER JUZGADO LETRAS OSORNO Rol V-216-2023 por resoluci\u00f3n 2 de marzo 2024 concediose posesi\u00f3n efectiva <a class=\"mh-excerpt-more\" href=\"https:\/\/semanariolocal.cl\/legales\/?p=420\" title=\"Extracto Posesi\u00f3n Efectiva a nombre de Alicia Castro Aguila e hija.\">[leer m\u00e1s&#8230;]<\/a><\/p>\n<\/div>","protected":false},"author":1,"featured_media":421,"comment_status":"closed","ping_status":"closed","sticky":false,"template":"","format":"standard","meta":{"footnotes":""},"categories":[18,34,35,36,46],"tags":[89,74,64,65,90,91,94,92,71,70,93],"class_list":["post-420","post","type-post","status-publish","format-standard","has-post-thumbnail","category-extractos","category-osorno","category-posesiones-efectivas","category-provincia-de-osorno","category-region-de-los-lagos","tag-alicia-cristina-castro-aguila","tag-avisos-clasificados","tag-avisos-legales","tag-clasificados-legales","tag-cristina-alejandra-cardenas-castro","tag-jose-eduardo-cardenas-mancilla","tag-loreto-del-pilar-olivera-garcia","tag-primer-juzgado-de-letras-de-osorno","tag-provincia-de-osorno","tag-publicaciones-juridicas","tag-rol-v-216-2023"],"_links":{"self":[{"href":"https:\/\/semanariolocal.cl\/legales\/index.php?rest_route=\/wp\/v2\/posts\/420","targetHints":{"allow":["GET"]}}],"collection":[{"href":"https:\/\/semanariolocal.cl\/legales\/index.php?rest_route=\/wp\/v2\/posts"}],"about":[{"href":"https:\/\/semanariolocal.cl\/legales\/index.php?rest_route=\/wp\/v2\/types\/post"}],"author":[{"embeddable":true,"href":"https:\/\/semanariolocal.cl\/legales\/index.php?rest_route=\/wp\/v2\/users\/1"}],"replies":[{"embeddable":true,"href":"https:\/\/semanariolocal.cl\/legales\/index.php?rest_route=%2Fwp%2Fv2%2Fcomments&post=420"}],"version-history":[{"count":4,"href":"https:\/\/semanariolocal.cl\/legales\/index.php?rest_route=\/wp\/v2\/posts\/420\/revisions"}],"predecessor-version":[{"id":437,"href":"https:\/\/semanariolocal.cl\/legales\/index.php?rest_route=\/wp\/v2\/posts\/420\/revisions\/437"}],"wp:featuredmedia":[{"embeddable":true,"href":"https:\/\/semanariolocal.cl\/legales\/index.php?rest_route=\/wp\/v2\/media\/421"}],"wp:attachment":[{"href":"https:\/\/semanariolocal.cl\/legales\/index.php?rest_route=%2Fwp%2Fv2%2Fmedia&parent=420"}],"wp:term":[{"taxonomy":"category","embeddable":true,"href":"https:\/\/semanariolocal.cl\/legales\/index.php?rest_route=%2Fwp%2Fv2%2Fcategories&post=420"},{"taxonomy":"post_tag","embeddable":true,"href":"https:\/\/semanariolocal.cl\/legales\/index.php?rest_route=%2Fwp%2Fv2%2Ftags&post=420"}],"curies":[{"name":"wp","href":"https:\/\/api.w.org\/{rel}","templated":true}]}}